{"id":3859,"date":"2022-03-02T14:31:32","date_gmt":"2022-03-02T13:31:32","guid":{"rendered":"https:\/\/www.fepagroup.com\/?p=3859"},"modified":"2022-03-14T11:49:03","modified_gmt":"2022-03-14T10:49:03","slug":"sandra-torna-sui-banchi-di-scuola-per-orientare-i-giovani-al-lavoro","status":"publish","type":"post","link":"https:\/\/www.fepagroup.com\/it\/eventi-hr\/sandra-torna-sui-banchi-di-scuola-per-orientare-i-giovani-al-lavoro\/","title":{"rendered":"Sandra torna sui banchi di scuola per orientare i giovani al lavoro"},"content":{"rendered":"\n<style type=\"text\/css\" data-created_by=\"avia_inline_auto\" id=\"style-css-av-2hg7hd-c8dd266316e05beaca147206cf0de836\">\n.flex_column.av-2hg7hd-c8dd266316e05beaca147206cf0de836{\n-webkit-border-radius:0px 0px 0px 0px;\n-moz-border-radius:0px 0px 0px 0px;\nborder-radius:0px 0px 0px 0px;\npadding:0px 0px 0px 0px;\n}\n<\/style>\n<div class='flex_column av-2hg7hd-c8dd266316e05beaca147206cf0de836 av_three_fourth  avia-builder-el-0  el_before_av_section  avia-builder-el-no-sibling  first flex_column_div av-zero-column-padding '     ><p><section  class='av_textblock_section av-kf3zs1wq-e4f05d335aa6f79e83cb332d937d62a5'  itemscope=\"itemscope\" itemtype=\"https:\/\/schema.org\/BlogPosting\" itemprop=\"blogPost\" ><div class='avia_textblock'  itemprop=\"text\" ><p><span class=\"divisore-contatti\">\/<\/span>NEWS<\/p>\n<\/div><\/section><br \/>\n\n<style type=\"text\/css\" data-created_by=\"avia_inline_auto\" id=\"style-css-av-kfgxzong-8311bc41283e4c1e0a841037b5aa7aff\">\n#top .hr.hr-invisible.av-kfgxzong-8311bc41283e4c1e0a841037b5aa7aff{\nheight:20px;\n}\n<\/style>\n<div  class='hr av-kfgxzong-8311bc41283e4c1e0a841037b5aa7aff hr-invisible  avia-builder-el-2  el_after_av_textblock  el_before_av_textblock '><span class='hr-inner '><span class=\"hr-inner-style\"><\/span><\/span><\/div><br \/>\n<section  class='av_textblock_section av-kfgy06bb-da67ff03505ad3d0c05d53c4d8b70632'  itemscope=\"itemscope\" itemtype=\"https:\/\/schema.org\/BlogPosting\" itemprop=\"blogPost\" ><div class='avia_textblock'  itemprop=\"text\" ><h1>Sandra torna sui banchi di scuola per orientare i giovani al lavoro<\/h1>\n<\/div><\/section><br \/>\n<section  class='av_textblock_section av-kfgy06bb-da67ff03505ad3d0c05d53c4d8b70632'  itemscope=\"itemscope\" itemtype=\"https:\/\/schema.org\/BlogPosting\" itemprop=\"blogPost\" ><div class='avia_textblock'  itemprop=\"text\" ><p>02-03-2022<br \/>\nCategoria: EVENTI HR<\/p>\n<\/div><\/section><\/p><\/div>\n<\/div><\/div><\/div><!-- close content main div --><\/div><\/div>\n<style type=\"text\/css\" data-created_by=\"avia_inline_auto\" id=\"style-css-av-bsrwk-db8bd3fe31472eb2669c59aada75aaf6\">\n.avia-section.av-bsrwk-db8bd3fe31472eb2669c59aada75aaf6{\nbackground-color:#f3f6f9;\nbackground-image:unset;\n}\n<\/style>\n<div id='box1-home'  class='avia-section av-bsrwk-db8bd3fe31472eb2669c59aada75aaf6 main_color avia-section-default avia-no-border-styling  avia-builder-el-5  el_after_av_three_fourth  avia-builder-el-last  avia-bg-style-scroll container_wrap fullsize'  ><div class='container av-section-cont-open' ><div class='template-page content  av-content-full alpha units'><div class='post-entry post-entry-type-page post-entry-3859'><div class='entry-content-wrapper clearfix'>\n<div class='flex_column_table av-79k63-01c7bb1e9a41783e4bbc56dc2c172d0a sc-av_one_third av-equal-height-column-flextable'>\n<style type=\"text\/css\" data-created_by=\"avia_inline_auto\" id=\"style-css-av-79k63-01c7bb1e9a41783e4bbc56dc2c172d0a\">\n.flex_column.av-79k63-01c7bb1e9a41783e4bbc56dc2c172d0a{\n-webkit-border-radius:0px 0px 0px 0px;\n-moz-border-radius:0px 0px 0px 0px;\nborder-radius:0px 0px 0px 0px;\npadding:0px 0px 0px 0px;\n}\n<\/style>\n<div class='flex_column av-79k63-01c7bb1e9a41783e4bbc56dc2c172d0a av_one_third  avia-builder-el-6  el_before_av_three_fifth  avia-builder-el-first  first no_margin flex_column_table_cell av-equal-height-column av-align-top av-animated-generic left-to-right av-zero-column-padding '     ><style type=\"text\/css\" data-created_by=\"avia_inline_auto\" id=\"style-css-av-kp5debqz-0c8685b21eca938cc20ebabc810d5b9e\">\n.avia-image-container.av-kp5debqz-0c8685b21eca938cc20ebabc810d5b9e img.avia_image{\nbox-shadow:none;\n}\n.avia-image-container.av-kp5debqz-0c8685b21eca938cc20ebabc810d5b9e .av-image-caption-overlay-center{\ncolor:#ffffff;\n}\n<\/style>\n<div  class='avia-image-container av-kp5debqz-0c8685b21eca938cc20ebabc810d5b9e av-styling-no-styling avia-align-left  avia-builder-el-7  avia-builder-el-no-sibling '   itemprop=\"image\" itemscope=\"itemscope\" itemtype=\"https:\/\/schema.org\/ImageObject\" ><div class=\"avia-image-container-inner\"><div class=\"avia-image-overlay-wrap\"><img decoding=\"async\" class='wp-image-3874 avia-img-lazy-loading-not-3874 avia_image ' src=\"https:\/\/www.fepagroup.com\/wp-content\/uploads\/2022\/03\/NEWS-02032022.jpg\" alt='Sandra torna sui banchi di scuola per orientare i giovani al lavoro' title='Sandra torna sui banchi di scuola per orientare i giovani al lavoro'  height=\"800\" width=\"1200\"  itemprop=\"thumbnailUrl\" srcset=\"https:\/\/www.fepagroup.com\/wp-content\/uploads\/2022\/03\/NEWS-02032022.jpg 1200w, https:\/\/www.fepagroup.com\/wp-content\/uploads\/2022\/03\/NEWS-02032022-300x200.jpg 300w, https:\/\/www.fepagroup.com\/wp-content\/uploads\/2022\/03\/NEWS-02032022-1030x687.jpg 1030w, https:\/\/www.fepagroup.com\/wp-content\/uploads\/2022\/03\/NEWS-02032022-768x512.jpg 768w, https:\/\/www.fepagroup.com\/wp-content\/uploads\/2022\/03\/NEWS-02032022-705x470.jpg 705w\" sizes=\"(max-width: 1200px) 100vw, 1200px\" \/><\/div><\/div><\/div><\/div>\n<style type=\"text\/css\" data-created_by=\"avia_inline_auto\" id=\"style-css-av-79k63-3fd478af8e8adcc3fc29ad3ae2c46c8e\">\n.flex_column.av-79k63-3fd478af8e8adcc3fc29ad3ae2c46c8e{\n-webkit-border-radius:0px 0px 0px 0px;\n-moz-border-radius:0px 0px 0px 0px;\nborder-radius:0px 0px 0px 0px;\npadding:0px 0px 0px 0px;\n}\n<\/style>\n<div class='flex_column av-79k63-3fd478af8e8adcc3fc29ad3ae2c46c8e av_three_fifth  avia-builder-el-8  el_after_av_one_third  el_before_av_hr  colonna-1-pagina-interna no_margin flex_column_table_cell av-equal-height-column av-align-top av-animated-generic bottom-to-top '     ><p>\n<style type=\"text\/css\" data-created_by=\"avia_inline_auto\" id=\"style-css-av-kf408v99-b1144233fecd08e6a47ee0cd5b7ff06e\">\n#top .av_textblock_section.av-kf408v99-b1144233fecd08e6a47ee0cd5b7ff06e .avia_textblock{\nfont-size:16px;\n}\n<\/style>\n<section  class='av_textblock_section av-kf408v99-b1144233fecd08e6a47ee0cd5b7ff06e'  itemscope=\"itemscope\" itemtype=\"https:\/\/schema.org\/BlogPosting\" itemprop=\"blogPost\" ><div class='avia_textblock'  itemprop=\"text\" ><p>Crediamo che scuola e impresa siano preziose alleate nell\u2019orientamento dei giovani al mondo del lavoro. Entrambe rivestono un ruolo importante nel supportarli e guidarli verso il loro futuro professionale e la loro crescita personale.<\/p>\n<p>Per questo abbiamo scelto di organizzare, in collaborazione con Adecco, una serie di incontri presso l\u2019Istituto Superiore San Giovanni Bosco di Viadana con l\u2019obiettivo di conoscere e coinvolgere i giovani studenti del territorio e accompagnarli in un percorso di orientamento al mondo del lavoro.<\/p>\n<p>Per l\u2019occasione, sono state coinvolte le classi terze e quarte dei corsi di meccatronica, meccanica ed elettronica e sono state affrontate varie tematiche, tra le quali le soft skills, competenze trasversali che spesso fanno la differenza in ambito lavorativo, l\u2019importanza della motivazione unitamente ai requisiti necessari per affrontare bene un colloquio di lavoro. Non solo, gli studenti ci hanno coinvolto in un dibattito su temi molto caldi: occupazione e occupabilit\u00e0, contratti e crescita professionale.<\/p>\n<p>Per la prima volta i partecipanti, circa 30 ragazzi dai 15 ai 17 anni, hanno avuto la possibilit\u00e0 di interfacciarsi e interagire con una realt\u00e0 aziendale strutturata e innovativa, quale \u00e8 Sandra.<\/p>\n<p>I nostri colleghi hanno illustrato agli studenti la nostra realt\u00e0 lavorativa e hanno risposto a tutte le curiosit\u00e0 riguardanti la vita in azienda, le richieste del mercato del lavoro e tutte le attivit\u00e0 che mettiamo in campo a livello di selezione ed assunzione del personale.<\/p>\n<p>Gli interventi dei nostri Production Manager dei poli produttivi di San Polo e Mezzani e della nostra Responsabile Risorse Umane hanno particolarmente colpito e affascinato tutta l\u2019audience.<\/p>\n<p>Ringraziamo il Team di Adecco e il corpo docenti di IIS San Giovanni Bosco di Viadana che hanno reso possibile tutto questo.<\/p>\n<\/div><\/section><br \/>\n\n<style type=\"text\/css\" data-created_by=\"avia_inline_auto\" id=\"style-css-av-kfgz7rfr-ab1acc68434d03de80d3a12c0b95005c\">\n#top .hr.hr-invisible.av-kfgz7rfr-ab1acc68434d03de80d3a12c0b95005c{\nheight:20px;\n}\n<\/style>\n<div  class='hr av-kfgz7rfr-ab1acc68434d03de80d3a12c0b95005c hr-invisible  avia-builder-el-10  el_after_av_textblock  el_before_av_hr '><span class='hr-inner '><span class=\"hr-inner-style\"><\/span><\/span><\/div><br \/>\n\n<style type=\"text\/css\" data-created_by=\"avia_inline_auto\" id=\"style-css-av-kfgz7rfr-af36ee1244bab39bfd0aff3dbb833f36\">\n#top .hr.hr-invisible.av-kfgz7rfr-af36ee1244bab39bfd0aff3dbb833f36{\nheight:50px;\n}\n<\/style>\n<div  class='hr av-kfgz7rfr-af36ee1244bab39bfd0aff3dbb833f36 hr-invisible  avia-builder-el-11  el_after_av_hr  el_before_av_social_share '><span class='hr-inner '><span class=\"hr-inner-style\"><\/span><\/span><\/div><br \/>\n<div  class='av-social-sharing-box av-316xwh-d195a03a01badcac847f86f4be0f48a6 av-social-sharing-box-default  avia-builder-el-12  el_after_av_hr  avia-builder-el-last  av-social-sharing-box-fullwidth'><div class=\"av-share-box\"><h5 class='av-share-link-description av-no-toc '>Condividi questo articolo<\/h5><ul class=\"av-share-box-list noLightbox\"><li class='av-share-link av-social-link-facebook' ><a target=\"_blank\" aria-label=\"Condividi su Facebook\" href='https:\/\/www.facebook.com\/sharer.php?u=https:\/\/www.fepagroup.com\/it\/eventi-hr\/sandra-torna-sui-banchi-di-scuola-per-orientare-i-giovani-al-lavoro\/&#038;t=Sandra%20torna%20sui%20banchi%20di%20scuola%20per%20orientare%20i%20giovani%20al%20lavoro' aria-hidden='false' data-av_icon='\ue8f3' data-av_iconfont='entypo-fontello' title='' data-avia-related-tooltip='Condividi su Facebook' rel=\"noopener\"><span class='avia_hidden_link_text'>Condividi su Facebook<\/span><\/a><\/li><li class='av-share-link av-social-link-twitter' ><a target=\"_blank\" aria-label=\"Condividi su Twitter\" href='https:\/\/twitter.com\/share?text=Sandra%20torna%20sui%20banchi%20di%20scuola%20per%20orientare%20i%20giovani%20al%20lavoro&#038;url=https:\/\/www.fepagroup.com\/it\/?p=3859' aria-hidden='false' data-av_icon='\ue8f1' data-av_iconfont='entypo-fontello' title='' data-avia-related-tooltip='Condividi su Twitter' rel=\"noopener\"><span class='avia_hidden_link_text'>Condividi su Twitter<\/span><\/a><\/li><li class='av-share-link av-social-link-whatsapp' ><a target=\"_blank\" aria-label=\"Condividi su WhatsApp\" href='https:\/\/api.whatsapp.com\/send?text=https:\/\/www.fepagroup.com\/it\/eventi-hr\/sandra-torna-sui-banchi-di-scuola-per-orientare-i-giovani-al-lavoro\/' aria-hidden='false' data-av_icon='\uf232' data-av_iconfont='entypo-fontello' title='' data-avia-related-tooltip='Condividi su WhatsApp' rel=\"noopener\"><span class='avia_hidden_link_text'>Condividi su WhatsApp<\/span><\/a><\/li><li class='av-share-link av-social-link-linkedin' ><a target=\"_blank\" aria-label=\"Condividi su LinkedIn\" href='https:\/\/linkedin.com\/shareArticle?mini=true&#038;title=Sandra%20torna%20sui%20banchi%20di%20scuola%20per%20orientare%20i%20giovani%20al%20lavoro&#038;url=https:\/\/www.fepagroup.com\/it\/eventi-hr\/sandra-torna-sui-banchi-di-scuola-per-orientare-i-giovani-al-lavoro\/' aria-hidden='false' data-av_icon='\ue8fc' data-av_iconfont='entypo-fontello' title='' data-avia-related-tooltip='Condividi su LinkedIn' rel=\"noopener\"><span class='avia_hidden_link_text'>Condividi su LinkedIn<\/span><\/a><\/li><li class='av-share-link av-social-link-mail' ><a  aria-label=\"Condividi attraverso Mail\" href='mailto:?subject=Sandra%20torna%20sui%20banchi%20di%20scuola%20per%20orientare%20i%20giovani%20al%20lavoro&#038;body=https:\/\/www.fepagroup.com\/it\/eventi-hr\/sandra-torna-sui-banchi-di-scuola-per-orientare-i-giovani-al-lavoro\/' aria-hidden='false' data-av_icon='\ue805' data-av_iconfont='entypo-fontello' title='' data-avia-related-tooltip='Condividi attraverso Mail'><span class='avia_hidden_link_text'>Condividi attraverso Mail<\/span><\/a><\/li><\/ul><\/div><\/div><\/p><\/div><\/div><!--close column table wrapper. Autoclose: 1 -->\n<style type=\"text\/css\" data-created_by=\"avia_inline_auto\" id=\"style-css-av-kf6zalue-52309110d5fde094f6d4f5841e7e2597\">\n#top .hr.hr-invisible.av-kf6zalue-52309110d5fde094f6d4f5841e7e2597{\nheight:50px;\n}\n<\/style>\n<div  class='hr av-kf6zalue-52309110d5fde094f6d4f5841e7e2597 hr-invisible  avia-builder-el-13  el_after_av_three_fifth  avia-builder-el-last '><span class='hr-inner '><span class=\"hr-inner-style\"><\/span><\/span><\/div>\n\n","protected":false},"excerpt":{"rendered":"","protected":false},"author":1,"featured_media":3874,"comment_status":"closed","ping_status":"closed","sticky":false,"template":"","format":"standard","meta":{"inline_featured_image":false,"footnotes":""},"categories":[32],"tags":[],"class_list":["post-3859","post","type-post","status-publish","format-standard","has-post-thumbnail","hentry","category-eventi-hr"],"yoast_head":"<!-- This site is optimized with the Yoast SEO plugin v23.6 - https:\/\/yoast.com\/wordpress\/plugins\/seo\/ -->\n<title>Sandra e Adecco insieme per orientare i giovani al lavoro | Fepa S.p.a.<\/title>\n<meta name=\"description\" content=\"Sandra torna sui banchi di scuola insieme ad Adecco per conoscere gli studenti del territorio e accompagnarli in un percorso di orientamento nel mondo del lavoro.\" \/>\n<meta name=\"robots\" content=\"index, follow, max-snippet:-1, max-image-preview:large, max-video-preview:-1\" \/>\n<link rel=\"canonical\" href=\"https:\/\/www.fepagroup.com\/it\/eventi-hr\/sandra-torna-sui-banchi-di-scuola-per-orientare-i-giovani-al-lavoro\/\" \/>\n<meta property=\"og:locale\" content=\"it_IT\" \/>\n<meta property=\"og:type\" content=\"article\" \/>\n<meta property=\"og:title\" content=\"Sandra e Adecco insieme per orientare i giovani al lavoro | Fepa S.p.a.\" \/>\n<meta property=\"og:description\" content=\"Sandra torna sui banchi di scuola insieme ad Adecco per conoscere gli studenti del territorio e accompagnarli in un percorso di orientamento nel mondo del lavoro.\" \/>\n<meta property=\"og:url\" content=\"https:\/\/www.fepagroup.com\/it\/eventi-hr\/sandra-torna-sui-banchi-di-scuola-per-orientare-i-giovani-al-lavoro\/\" \/>\n<meta property=\"og:site_name\" content=\"Fepa S.p.a.\" \/>\n<meta property=\"article:published_time\" content=\"2022-03-02T13:31:32+00:00\" \/>\n<meta property=\"article:modified_time\" content=\"2022-03-14T10:49:03+00:00\" \/>\n<meta property=\"og:image\" content=\"https:\/\/www.fepagroup.com\/wp-content\/uploads\/2022\/03\/NEWS-02032022.jpg\" \/>\n\t<meta property=\"og:image:width\" content=\"1200\" \/>\n\t<meta property=\"og:image:height\" content=\"800\" \/>\n\t<meta property=\"og:image:type\" content=\"image\/jpeg\" \/>\n<meta name=\"author\" content=\"Fepagroup\" \/>\n<meta name=\"twitter:card\" content=\"summary_large_image\" \/>\n<meta name=\"twitter:label1\" content=\"Scritto da\" \/>\n\t<meta name=\"twitter:data1\" content=\"Fepagroup\" \/>\n\t<meta name=\"twitter:label2\" content=\"Tempo di lettura stimato\" \/>\n\t<meta name=\"twitter:data2\" content=\"6 minuti\" \/>\n<script type=\"application\/ld+json\" class=\"yoast-schema-graph\">{\"@context\":\"https:\/\/schema.org\",\"@graph\":[{\"@type\":\"WebPage\",\"@id\":\"https:\/\/www.fepagroup.com\/it\/eventi-hr\/sandra-torna-sui-banchi-di-scuola-per-orientare-i-giovani-al-lavoro\/\",\"url\":\"https:\/\/www.fepagroup.com\/it\/eventi-hr\/sandra-torna-sui-banchi-di-scuola-per-orientare-i-giovani-al-lavoro\/\",\"name\":\"Sandra e Adecco insieme per orientare i giovani al lavoro | Fepa S.p.a.\",\"isPartOf\":{\"@id\":\"https:\/\/www.fepagroup.com\/it\/#website\"},\"primaryImageOfPage\":{\"@id\":\"https:\/\/www.fepagroup.com\/it\/eventi-hr\/sandra-torna-sui-banchi-di-scuola-per-orientare-i-giovani-al-lavoro\/#primaryimage\"},\"image\":{\"@id\":\"https:\/\/www.fepagroup.com\/it\/eventi-hr\/sandra-torna-sui-banchi-di-scuola-per-orientare-i-giovani-al-lavoro\/#primaryimage\"},\"thumbnailUrl\":\"https:\/\/www.fepagroup.com\/wp-content\/uploads\/2022\/03\/NEWS-02032022.jpg\",\"datePublished\":\"2022-03-02T13:31:32+00:00\",\"dateModified\":\"2022-03-14T10:49:03+00:00\",\"author\":{\"@id\":\"https:\/\/www.fepagroup.com\/it\/#\/schema\/person\/c3288e60119ed18495d69fc1fb8a48bb\"},\"description\":\"Sandra torna sui banchi di scuola insieme ad Adecco per conoscere gli studenti del territorio e accompagnarli in un percorso di orientamento nel mondo del lavoro.\",\"breadcrumb\":{\"@id\":\"https:\/\/www.fepagroup.com\/it\/eventi-hr\/sandra-torna-sui-banchi-di-scuola-per-orientare-i-giovani-al-lavoro\/#breadcrumb\"},\"inLanguage\":\"it-IT\",\"potentialAction\":[{\"@type\":\"ReadAction\",\"target\":[\"https:\/\/www.fepagroup.com\/it\/eventi-hr\/sandra-torna-sui-banchi-di-scuola-per-orientare-i-giovani-al-lavoro\/\"]}]},{\"@type\":\"ImageObject\",\"inLanguage\":\"it-IT\",\"@id\":\"https:\/\/www.fepagroup.com\/it\/eventi-hr\/sandra-torna-sui-banchi-di-scuola-per-orientare-i-giovani-al-lavoro\/#primaryimage\",\"url\":\"https:\/\/www.fepagroup.com\/wp-content\/uploads\/2022\/03\/NEWS-02032022.jpg\",\"contentUrl\":\"https:\/\/www.fepagroup.com\/wp-content\/uploads\/2022\/03\/NEWS-02032022.jpg\",\"width\":1200,\"height\":800,\"caption\":\"Sandra torna sui banchi di scuola per orientare i giovani al lavoro\"},{\"@type\":\"BreadcrumbList\",\"@id\":\"https:\/\/www.fepagroup.com\/it\/eventi-hr\/sandra-torna-sui-banchi-di-scuola-per-orientare-i-giovani-al-lavoro\/#breadcrumb\",\"itemListElement\":[{\"@type\":\"ListItem\",\"position\":1,\"name\":\"Home\",\"item\":\"https:\/\/www.fepagroup.com\/it\/home-page\/\"},{\"@type\":\"ListItem\",\"position\":2,\"name\":\"Sandra torna sui banchi di scuola per orientare i giovani al lavoro\"}]},{\"@type\":\"WebSite\",\"@id\":\"https:\/\/www.fepagroup.com\/it\/#website\",\"url\":\"https:\/\/www.fepagroup.com\/it\/\",\"name\":\"Fepa S.p.a.\",\"description\":\"Fepa: packaging per le tue idee\",\"potentialAction\":[{\"@type\":\"SearchAction\",\"target\":{\"@type\":\"EntryPoint\",\"urlTemplate\":\"https:\/\/www.fepagroup.com\/it\/?s={search_term_string}\"},\"query-input\":{\"@type\":\"PropertyValueSpecification\",\"valueRequired\":true,\"valueName\":\"search_term_string\"}}],\"inLanguage\":\"it-IT\"},{\"@type\":\"Person\",\"@id\":\"https:\/\/www.fepagroup.com\/it\/#\/schema\/person\/c3288e60119ed18495d69fc1fb8a48bb\",\"name\":\"Fepagroup\",\"image\":{\"@type\":\"ImageObject\",\"inLanguage\":\"it-IT\",\"@id\":\"https:\/\/www.fepagroup.com\/it\/#\/schema\/person\/image\/\",\"url\":\"https:\/\/secure.gravatar.com\/avatar\/b6f5f325f9dd7b11d8cb35cf46901be5?s=96&d=mm&r=g\",\"contentUrl\":\"https:\/\/secure.gravatar.com\/avatar\/b6f5f325f9dd7b11d8cb35cf46901be5?s=96&d=mm&r=g\",\"caption\":\"Fepagroup\"},\"sameAs\":[\"https:\/\/www.fepagroup.com\"],\"url\":\"https:\/\/www.fepagroup.com\/it\/author\/fepagroup\/\"}]}<\/script>\n<!-- \/ Yoast SEO plugin. -->","yoast_head_json":{"title":"Sandra e Adecco insieme per orientare i giovani al lavoro | Fepa S.p.a.","description":"Sandra torna sui banchi di scuola insieme ad Adecco per conoscere gli studenti del territorio e accompagnarli in un percorso di orientamento nel mondo del lavoro.","robots":{"index":"index","follow":"follow","max-snippet":"max-snippet:-1","max-image-preview":"max-image-preview:large","max-video-preview":"max-video-preview:-1"},"canonical":"https:\/\/www.fepagroup.com\/it\/eventi-hr\/sandra-torna-sui-banchi-di-scuola-per-orientare-i-giovani-al-lavoro\/","og_locale":"it_IT","og_type":"article","og_title":"Sandra e Adecco insieme per orientare i giovani al lavoro | Fepa S.p.a.","og_description":"Sandra torna sui banchi di scuola insieme ad Adecco per conoscere gli studenti del territorio e accompagnarli in un percorso di orientamento nel mondo del lavoro.","og_url":"https:\/\/www.fepagroup.com\/it\/eventi-hr\/sandra-torna-sui-banchi-di-scuola-per-orientare-i-giovani-al-lavoro\/","og_site_name":"Fepa S.p.a.","article_published_time":"2022-03-02T13:31:32+00:00","article_modified_time":"2022-03-14T10:49:03+00:00","og_image":[{"width":1200,"height":800,"url":"https:\/\/www.fepagroup.com\/wp-content\/uploads\/2022\/03\/NEWS-02032022.jpg","type":"image\/jpeg"}],"author":"Fepagroup","twitter_card":"summary_large_image","twitter_misc":{"Scritto da":"Fepagroup","Tempo di lettura stimato":"6 minuti"},"schema":{"@context":"https:\/\/schema.org","@graph":[{"@type":"WebPage","@id":"https:\/\/www.fepagroup.com\/it\/eventi-hr\/sandra-torna-sui-banchi-di-scuola-per-orientare-i-giovani-al-lavoro\/","url":"https:\/\/www.fepagroup.com\/it\/eventi-hr\/sandra-torna-sui-banchi-di-scuola-per-orientare-i-giovani-al-lavoro\/","name":"Sandra e Adecco insieme per orientare i giovani al lavoro | Fepa S.p.a.","isPartOf":{"@id":"https:\/\/www.fepagroup.com\/it\/#website"},"primaryImageOfPage":{"@id":"https:\/\/www.fepagroup.com\/it\/eventi-hr\/sandra-torna-sui-banchi-di-scuola-per-orientare-i-giovani-al-lavoro\/#primaryimage"},"image":{"@id":"https:\/\/www.fepagroup.com\/it\/eventi-hr\/sandra-torna-sui-banchi-di-scuola-per-orientare-i-giovani-al-lavoro\/#primaryimage"},"thumbnailUrl":"https:\/\/www.fepagroup.com\/wp-content\/uploads\/2022\/03\/NEWS-02032022.jpg","datePublished":"2022-03-02T13:31:32+00:00","dateModified":"2022-03-14T10:49:03+00:00","author":{"@id":"https:\/\/www.fepagroup.com\/it\/#\/schema\/person\/c3288e60119ed18495d69fc1fb8a48bb"},"description":"Sandra torna sui banchi di scuola insieme ad Adecco per conoscere gli studenti del territorio e accompagnarli in un percorso di orientamento nel mondo del lavoro.","breadcrumb":{"@id":"https:\/\/www.fepagroup.com\/it\/eventi-hr\/sandra-torna-sui-banchi-di-scuola-per-orientare-i-giovani-al-lavoro\/#breadcrumb"},"inLanguage":"it-IT","potentialAction":[{"@type":"ReadAction","target":["https:\/\/www.fepagroup.com\/it\/eventi-hr\/sandra-torna-sui-banchi-di-scuola-per-orientare-i-giovani-al-lavoro\/"]}]},{"@type":"ImageObject","inLanguage":"it-IT","@id":"https:\/\/www.fepagroup.com\/it\/eventi-hr\/sandra-torna-sui-banchi-di-scuola-per-orientare-i-giovani-al-lavoro\/#primaryimage","url":"https:\/\/www.fepagroup.com\/wp-content\/uploads\/2022\/03\/NEWS-02032022.jpg","contentUrl":"https:\/\/www.fepagroup.com\/wp-content\/uploads\/2022\/03\/NEWS-02032022.jpg","width":1200,"height":800,"caption":"Sandra torna sui banchi di scuola per orientare i giovani al lavoro"},{"@type":"BreadcrumbList","@id":"https:\/\/www.fepagroup.com\/it\/eventi-hr\/sandra-torna-sui-banchi-di-scuola-per-orientare-i-giovani-al-lavoro\/#breadcrumb","itemListElement":[{"@type":"ListItem","position":1,"name":"Home","item":"https:\/\/www.fepagroup.com\/it\/home-page\/"},{"@type":"ListItem","position":2,"name":"Sandra torna sui banchi di scuola per orientare i giovani al lavoro"}]},{"@type":"WebSite","@id":"https:\/\/www.fepagroup.com\/it\/#website","url":"https:\/\/www.fepagroup.com\/it\/","name":"Fepa S.p.a.","description":"Fepa: packaging per le tue idee","potentialAction":[{"@type":"SearchAction","target":{"@type":"EntryPoint","urlTemplate":"https:\/\/www.fepagroup.com\/it\/?s={search_term_string}"},"query-input":{"@type":"PropertyValueSpecification","valueRequired":true,"valueName":"search_term_string"}}],"inLanguage":"it-IT"},{"@type":"Person","@id":"https:\/\/www.fepagroup.com\/it\/#\/schema\/person\/c3288e60119ed18495d69fc1fb8a48bb","name":"Fepagroup","image":{"@type":"ImageObject","inLanguage":"it-IT","@id":"https:\/\/www.fepagroup.com\/it\/#\/schema\/person\/image\/","url":"https:\/\/secure.gravatar.com\/avatar\/b6f5f325f9dd7b11d8cb35cf46901be5?s=96&d=mm&r=g","contentUrl":"https:\/\/secure.gravatar.com\/avatar\/b6f5f325f9dd7b11d8cb35cf46901be5?s=96&d=mm&r=g","caption":"Fepagroup"},"sameAs":["https:\/\/www.fepagroup.com"],"url":"https:\/\/www.fepagroup.com\/it\/author\/fepagroup\/"}]}},"_links":{"self":[{"href":"https:\/\/www.fepagroup.com\/it\/wp-json\/wp\/v2\/posts\/3859"}],"collection":[{"href":"https:\/\/www.fepagroup.com\/it\/wp-json\/wp\/v2\/posts"}],"about":[{"href":"https:\/\/www.fepagroup.com\/it\/wp-json\/wp\/v2\/types\/post"}],"author":[{"embeddable":true,"href":"https:\/\/www.fepagroup.com\/it\/wp-json\/wp\/v2\/users\/1"}],"replies":[{"embeddable":true,"href":"https:\/\/www.fepagroup.com\/it\/wp-json\/wp\/v2\/comments?post=3859"}],"version-history":[{"count":5,"href":"https:\/\/www.fepagroup.com\/it\/wp-json\/wp\/v2\/posts\/3859\/revisions"}],"predecessor-version":[{"id":3893,"href":"https:\/\/www.fepagroup.com\/it\/wp-json\/wp\/v2\/posts\/3859\/revisions\/3893"}],"wp:featuredmedia":[{"embeddable":true,"href":"https:\/\/www.fepagroup.com\/it\/wp-json\/wp\/v2\/media\/3874"}],"wp:attachment":[{"href":"https:\/\/www.fepagroup.com\/it\/wp-json\/wp\/v2\/media?parent=3859"}],"wp:term":[{"taxonomy":"category","embeddable":true,"href":"https:\/\/www.fepagroup.com\/it\/wp-json\/wp\/v2\/categories?post=3859"},{"taxonomy":"post_tag","embeddable":true,"href":"https:\/\/www.fepagroup.com\/it\/wp-json\/wp\/v2\/tags?post=3859"}],"curies":[{"name":"wp","href":"https:\/\/api.w.org\/{rel}","templated":true}]}}